{"id":1239,"date":"2019-10-29T20:06:54","date_gmt":"2019-10-29T20:06:54","guid":{"rendered":"https:\/\/humanistasrentabasica.org\/?p=1239"},"modified":"2019-10-29T20:39:01","modified_gmt":"2019-10-29T20:39:01","slug":"reunion-de-ubie-en-viena","status":"publish","type":"post","link":"https:\/\/humanistasrentabasica.org\/en\/reunion-de-ubie-en-viena\/","title":{"rendered":"Reuni\u00f3n de UBIE en Viena"},"content":{"rendered":"<p>Los pasados 11 y 12 de octubre, activistas de la Renta B\u00e1sica Universal nos reunimos en Viena para organizar la presentaci\u00f3n ante la Comisi\u00f3n Europea de una Iniciativa Ciudadana Europea (ICE) para que la RBU sea instaurada en todos los paises miembros. El encuentro de trabajo fue intenso y se lograron acuerdos, entre representantes de 14 pa\u00edses europeos, para llevar adelante esta iniciativa.<\/p>\n<p>Se acordaron diferentes aspectos de la campa\u00f1a, como el equipo coordinador, el sitio web, una forma de financiaci\u00f3n, el calendario, etc.<\/p>\n<p>Se decidi\u00f3 registrar la ICE en enero de 2020. La Comisi\u00f3n Europea debe responder, en el trascurso de dos meses,&nbsp; aceptando o no su tramitaci\u00f3n. En caso positivo, la recogida de firmas on line y en papel comenzar\u00eda el 9 de mayo de 2020. Despu\u00e9s de validarse las firmas en cada pa\u00eds, la Comisi\u00f3n Europea decide si se tramita o no para presentar en el Parlamento Europeo. <\/p>\n<p>Aprovechamos esos d\u00edas para establecer lazos amistosos con miembros de UBIE de otros pa\u00edses. La pr\u00f3xima reuni\u00f3n de coordinaci\u00f3n ser\u00e1 en marzo de 2020.<\/p>","protected":false},"excerpt":{"rendered":"<p>Reuni\u00f3n de miembros de UBIE en Viena para preparar la ICE sobre RBUI<\/p>","protected":false},"author":3,"featured_media":1262,"comment_status":"open","ping_status":"open","sticky":false,"template":"","format":"standard","meta":{"_acf_changed":false,"_jetpack_memberships_contains_paid_content":false,"footnotes":""},"categories":[13],"tags":[70,19,21,22,25,69,71,23],"class_list":["post-1239","post","type-post","status-publish","format-standard","has-post-thumbnail","hentry","category-sin-categoria-es","tag-ddhhemergentes","tag-hrbu","tag-rbui","tag-rentabasicauniversal","tag-socialjustice","tag-ubi","tag-ubie","tag-unconditionalbasicincome"],"acf":[],"jetpack_featured_media_url":"https:\/\/humanistasrentabasica.org\/wp-content\/uploads\/2019\/10\/Reunion-de-UBIE-en-Viena-en-octubre-de-2019.jpg","jetpack_sharing_enabled":true,"amp_enabled":true,"_links":{"self":[{"href":"https:\/\/humanistasrentabasica.org\/en\/wp-json\/wp\/v2\/posts\/1239","targetHints":{"allow":["GET"]}}],"collection":[{"href":"https:\/\/humanistasrentabasica.org\/en\/wp-json\/wp\/v2\/posts"}],"about":[{"href":"https:\/\/humanistasrentabasica.org\/en\/wp-json\/wp\/v2\/types\/post"}],"author":[{"embeddable":true,"href":"https:\/\/humanistasrentabasica.org\/en\/wp-json\/wp\/v2\/users\/3"}],"replies":[{"embeddable":true,"href":"https:\/\/humanistasrentabasica.org\/en\/wp-json\/wp\/v2\/comments?post=1239"}],"version-history":[{"count":11,"href":"https:\/\/humanistasrentabasica.org\/en\/wp-json\/wp\/v2\/posts\/1239\/revisions"}],"predecessor-version":[{"id":1271,"href":"https:\/\/humanistasrentabasica.org\/en\/wp-json\/wp\/v2\/posts\/1239\/revisions\/1271"}],"wp:featuredmedia":[{"embeddable":true,"href":"https:\/\/humanistasrentabasica.org\/en\/wp-json\/wp\/v2\/media\/1262"}],"wp:attachment":[{"href":"https:\/\/humanistasrentabasica.org\/en\/wp-json\/wp\/v2\/media?parent=1239"}],"wp:term":[{"taxonomy":"category","embeddable":true,"href":"https:\/\/humanistasrentabasica.org\/en\/wp-json\/wp\/v2\/categories?post=1239"},{"taxonomy":"post_tag","embeddable":true,"href":"https:\/\/humanistasrentabasica.org\/en\/wp-json\/wp\/v2\/tags?post=1239"}],"curies":[{"name":"wp","href":"https:\/\/api.w.org\/{rel}","templated":true}]}}